{"id":12016,"date":"2026-07-17T05:56:26","date_gmt":"2026-07-17T09:56:26","guid":{"rendered":"https:\/\/diarionews.com.br\/?p=12016"},"modified":"2026-07-17T05:56:27","modified_gmt":"2026-07-17T09:56:27","slug":"malvinas-voltam-ao-centro-da-rivalidade-apos-argentina-eliminar-inglaterra","status":"publish","type":"post","link":"https:\/\/diarionews.com.br\/?p=12016","title":{"rendered":"Malvinas voltam ao centro da rivalidade ap\u00f3s Argentina eliminar Inglaterra"},"content":{"rendered":"\n<p>A classifica\u00e7\u00e3o da Argentina para a final da Copa do Mundo de 2026 ganhou um novo cap\u00edtulo fora das quatro linhas ap\u00f3s a vit\u00f3ria por 2 a 1 sobre a Inglaterra, na quarta-feira (15). Depois do apito final, jogadores argentinos comemoraram a vaga exibindo uma faixa com a frase &#8220;Las Malvinas son Argentinas&#8221;, em refer\u00eancia \u00e0 hist\u00f3rica disputa territorial entre Argentina e Reino Unido pelas Ilhas Malvinas, conhecidas pelos brit\u00e2nicos como Falkland Islands. O gesto rapidamente repercutiu internacionalmente e provocou uma resposta do governo brit\u00e2nico.<\/p>\n\n\n\n<p>A rea\u00e7\u00e3o oficial veio por meio de representantes do governo do Reino Unido, que classificaram a manifesta\u00e7\u00e3o como inadequada e refor\u00e7aram a posi\u00e7\u00e3o brit\u00e2nica sobre a soberania do arquip\u00e9lago. Em uma resposta que tamb\u00e9m ganhou destaque na imprensa internacional, autoridades afirmaram que &#8220;a Copa pode n\u00e3o ser nossa, mas as Falklands s\u00e3o&#8221;, reafirmando o entendimento do governo brit\u00e2nico de que as ilhas permanecem sob sua administra\u00e7\u00e3o.<\/p>\n\n\n\n<p>O epis\u00f3dio ampliou uma rivalidade que ultrapassa o futebol e tem origem na Guerra das Malvinas, conflito travado em 1982 entre Argentina e Reino Unido pela posse do arquip\u00e9lago. Antes mesmo da semifinal, o clima j\u00e1 havia sido acirrado por declara\u00e7\u00f5es da vice-presidente argentina, Victoria Villarruel, que chamou os ingleses de &#8220;piratas usurpadores&#8221; ao comentar o confronto. Em contrapartida, o t\u00e9cnico Lionel Scaloni havia defendido que a partida fosse tratada apenas como um evento esportivo, sem conota\u00e7\u00f5es pol\u00edticas.<\/p>\n\n\n\n<p>A repercuss\u00e3o do caso n\u00e3o ficou restrita aos governos dos dois pa\u00edses. Autoridades das Ilhas Malvinas solicitaram que a Fifa investigue a exibi\u00e7\u00e3o da faixa, alegando poss\u00edvel descumprimento das normas da entidade sobre manifesta\u00e7\u00f5es de car\u00e1ter pol\u00edtico durante competi\u00e7\u00f5es oficiais. At\u00e9 o momento, a Fifa n\u00e3o anunciou eventual puni\u00e7\u00e3o, mas o epis\u00f3dio aumentou a tens\u00e3o diplom\u00e1tica em torno da final da Copa do Mundo e voltou a colocar a hist\u00f3rica disputa pelas ilhas no centro do debate internacional.<\/p>\n","protected":false},"excerpt":{"rendered":"<p>A classifica\u00e7\u00e3o da Argentina para a final da Copa do Mundo de 2026 ganhou um novo cap\u00edtulo fora das quatro linhas ap\u00f3s a vit\u00f3ria por 2 a 1 sobre a Inglaterra, na quarta-feira (15). Depois do apito final, jogadores argentinos comemoraram a vaga exibindo uma faixa com a frase &#8220;Las Malvinas son Argentinas&#8221;, em refer\u00eancia [&hellip;]<\/p>\n","protected":false},"author":3,"featured_media":11944,"comment_status":"open","ping_status":"open","sticky":false,"template":"","format":"standard","meta":{"footnotes":""},"categories":[11,13],"tags":[956],"class_list":["post-12016","post","type-post","status-publish","format-standard","has-post-thumbnail","hentry","category-mundo","category-esportes","tag-importante"],"_links":{"self":[{"href":"https:\/\/diarionews.com.br\/index.php?rest_route=\/wp\/v2\/posts\/12016","targetHints":{"allow":["GET"]}}],"collection":[{"href":"https:\/\/diarionews.com.br\/index.php?rest_route=\/wp\/v2\/posts"}],"about":[{"href":"https:\/\/diarionews.com.br\/index.php?rest_route=\/wp\/v2\/types\/post"}],"author":[{"embeddable":true,"href":"https:\/\/diarionews.com.br\/index.php?rest_route=\/wp\/v2\/users\/3"}],"replies":[{"embeddable":true,"href":"https:\/\/diarionews.com.br\/index.php?rest_route=%2Fwp%2Fv2%2Fcomments&post=12016"}],"version-history":[{"count":1,"href":"https:\/\/diarionews.com.br\/index.php?rest_route=\/wp\/v2\/posts\/12016\/revisions"}],"predecessor-version":[{"id":12017,"href":"https:\/\/diarionews.com.br\/index.php?rest_route=\/wp\/v2\/posts\/12016\/revisions\/12017"}],"wp:featuredmedia":[{"embeddable":true,"href":"https:\/\/diarionews.com.br\/index.php?rest_route=\/wp\/v2\/media\/11944"}],"wp:attachment":[{"href":"https:\/\/diarionews.com.br\/index.php?rest_route=%2Fwp%2Fv2%2Fmedia&parent=12016"}],"wp:term":[{"taxonomy":"category","embeddable":true,"href":"https:\/\/diarionews.com.br\/index.php?rest_route=%2Fwp%2Fv2%2Fcategories&post=12016"},{"taxonomy":"post_tag","embeddable":true,"href":"https:\/\/diarionews.com.br\/index.php?rest_route=%2Fwp%2Fv2%2Ftags&post=12016"}],"curies":[{"name":"wp","href":"https:\/\/api.w.org\/{rel}","templated":true}]}}