{"id":11963,"date":"2026-07-16T08:23:00","date_gmt":"2026-07-16T12:23:00","guid":{"rendered":"https:\/\/diarionews.com.br\/?p=11963"},"modified":"2026-07-16T06:25:07","modified_gmt":"2026-07-16T10:25:07","slug":"vazamento-de-estireno-coloca-manaus-em-alerta-e-mobiliza-equipes-de-emergencia","status":"publish","type":"post","link":"https:\/\/diarionews.com.br\/?p=11963","title":{"rendered":"Vazamento de estireno coloca Manaus em alerta e mobiliza equipes de emerg\u00eancia"},"content":{"rendered":"\n<p>Manaus entrou em estado de alerta nesta quarta-feira (15) ap\u00f3s um vazamento de mon\u00f4mero de estireno registrado em uma ind\u00fastria localizada no Distrito Industrial I, na zona Sul da capital amazonense. O incidente mobilizou equipes do Corpo de Bombeiros Militar do Amazonas (CBMAM), Defesa Civil e \u00f3rg\u00e3os municipais para monitorar a situa\u00e7\u00e3o e orientar a popula\u00e7\u00e3o. <\/p>\n\n\n\n<p>Segundo as autoridades, o vazamento ocorreu na empresa petroqu\u00edmica Innova, em um tanque de armazenamento do produto qu\u00edmico. O Corpo de Bombeiros informou que houve uma rea\u00e7\u00e3o qu\u00edmica interna no reservat\u00f3rio, provocando a libera\u00e7\u00e3o do material pelo sistema de seguran\u00e7a do equipamento. A corpora\u00e7\u00e3o afirmou que o tanque n\u00e3o sofreu rompimento e que o vazamento foi controlado. <\/p>\n\n\n\n<p>Moradores de diferentes regi\u00f5es de Manaus relataram sentir um forte odor semelhante ao de thinner, principalmente nas zonas Sul, Centro-Sul e Centro da cidade. O cheiro tamb\u00e9m foi percebido por trabalhadores de \u00e1reas pr\u00f3ximas \u00e0 ind\u00fastria, levando algumas empresas da regi\u00e3o a adotarem medidas preventivas enquanto as equipes realizavam o atendimento da ocorr\u00eancia. <\/p>\n\n\n\n<p>A chefe do setor de biosseguran\u00e7a e produtos perigosos do Corpo de Bombeiros do Amazonas, tenente Raquel de Souza Praia, informou que o produto liberado n\u00e3o \u00e9 considerado letal e descartou, naquele momento, risco de explos\u00e3o no local. Segundo ela, o estireno pode provocar efeitos al\u00e9rgicos e respirat\u00f3rios, principalmente em pessoas mais vulner\u00e1veis, como idosos e crian\u00e7as. <\/p>\n\n\n\n<p>A Prefeitura de Manaus criou um Gabinete de Crise para acompanhar a ocorr\u00eancia, integrar as a\u00e7\u00f5es dos \u00f3rg\u00e3os envolvidos e monitorar a dispers\u00e3o do produto na atmosfera. As equipes permaneceram no local realizando procedimentos de seguran\u00e7a, incluindo o resfriamento do tanque afetado para evitar novas libera\u00e7\u00f5es durante a estabiliza\u00e7\u00e3o da rea\u00e7\u00e3o qu\u00edmica. <\/p>\n\n\n\n<p>O estireno \u00e9 uma subst\u00e2ncia utilizada na produ\u00e7\u00e3o de materiais como pl\u00e1sticos, resinas e borrachas sint\u00e9ticas. Ap\u00f3s o vazamento, as autoridades recomendaram que a popula\u00e7\u00e3o acompanhasse apenas informa\u00e7\u00f5es oficiais e evitasse se aproximar da \u00e1rea da ocorr\u00eancia enquanto os trabalhos de controle e monitoramento eram realizados. <\/p>\n","protected":false},"excerpt":{"rendered":"<p>Manaus entrou em estado de alerta nesta quarta-feira (15) ap\u00f3s um vazamento de mon\u00f4mero de estireno registrado em uma ind\u00fastria localizada no Distrito Industrial I, na zona Sul da capital amazonense. O incidente mobilizou equipes do Corpo de Bombeiros Militar do Amazonas (CBMAM), Defesa Civil e \u00f3rg\u00e3os municipais para monitorar a situa\u00e7\u00e3o e orientar a [&hellip;]<\/p>\n","protected":false},"author":3,"featured_media":11964,"comment_status":"open","ping_status":"open","sticky":false,"template":"","format":"standard","meta":{"footnotes":""},"categories":[12],"tags":[],"class_list":["post-11963","post","type-post","status-publish","format-standard","has-post-thumbnail","hentry","category-nacionais"],"_links":{"self":[{"href":"https:\/\/diarionews.com.br\/index.php?rest_route=\/wp\/v2\/posts\/11963","targetHints":{"allow":["GET"]}}],"collection":[{"href":"https:\/\/diarionews.com.br\/index.php?rest_route=\/wp\/v2\/posts"}],"about":[{"href":"https:\/\/diarionews.com.br\/index.php?rest_route=\/wp\/v2\/types\/post"}],"author":[{"embeddable":true,"href":"https:\/\/diarionews.com.br\/index.php?rest_route=\/wp\/v2\/users\/3"}],"replies":[{"embeddable":true,"href":"https:\/\/diarionews.com.br\/index.php?rest_route=%2Fwp%2Fv2%2Fcomments&post=11963"}],"version-history":[{"count":1,"href":"https:\/\/diarionews.com.br\/index.php?rest_route=\/wp\/v2\/posts\/11963\/revisions"}],"predecessor-version":[{"id":11965,"href":"https:\/\/diarionews.com.br\/index.php?rest_route=\/wp\/v2\/posts\/11963\/revisions\/11965"}],"wp:featuredmedia":[{"embeddable":true,"href":"https:\/\/diarionews.com.br\/index.php?rest_route=\/wp\/v2\/media\/11964"}],"wp:attachment":[{"href":"https:\/\/diarionews.com.br\/index.php?rest_route=%2Fwp%2Fv2%2Fmedia&parent=11963"}],"wp:term":[{"taxonomy":"category","embeddable":true,"href":"https:\/\/diarionews.com.br\/index.php?rest_route=%2Fwp%2Fv2%2Fcategories&post=11963"},{"taxonomy":"post_tag","embeddable":true,"href":"https:\/\/diarionews.com.br\/index.php?rest_route=%2Fwp%2Fv2%2Ftags&post=11963"}],"curies":[{"name":"wp","href":"https:\/\/api.w.org\/{rel}","templated":true}]}}