{"id":11960,"date":"2026-07-16T06:22:32","date_gmt":"2026-07-16T10:22:32","guid":{"rendered":"https:\/\/diarionews.com.br\/?p=11960"},"modified":"2026-07-16T06:22:34","modified_gmt":"2026-07-16T10:22:34","slug":"piloto-relata-calafrio-ao-ver-luzes-misteriosas-durante-voo-no-parana","status":"publish","type":"post","link":"https:\/\/diarionews.com.br\/?p=11960","title":{"rendered":"Piloto relata \u201ccalafrio\u201d ao ver luzes misteriosas durante voo no Paran\u00e1"},"content":{"rendered":"\n<p>Um piloto de uma aeronave comercial relatou ter visto luzes n\u00e3o identificadas no c\u00e9u do Norte do Paran\u00e1 durante um voo entre S\u00e3o Paulo e Maring\u00e1 na noite de segunda-feira (13). O caso ocorreu por volta das 21h e chamou a aten\u00e7\u00e3o de profissionais da avia\u00e7\u00e3o ap\u00f3s a tripula\u00e7\u00e3o comunicar a ocorr\u00eancia \u00e0 torre de controle. <\/p>\n\n\n\n<p>Durante a comunica\u00e7\u00e3o com os controladores de tr\u00e1fego a\u00e9reo, o comandante descreveu pontos luminosos de forte intensidade e afirmou ter sentido \u201ccalafrios\u201d ao observar o fen\u00f4meno. Segundo o relato, as luzes apresentavam movimentos r\u00e1pidos e pareciam realizar trajet\u00f3rias circulares no c\u00e9u. <\/p>\n\n\n\n<p>A ocorr\u00eancia foi registrada enquanto a aeronave seguia viagem e o piloto entrou em contato com o controle de aproxima\u00e7\u00e3o de Londrina. Ao ser questionado sobre a dist\u00e2ncia dos objetos, o comandante informou que n\u00e3o era poss\u00edvel fazer uma estimativa precisa, devido \u00e0 altitude e \u00e0s caracter\u00edsticas do fen\u00f4meno observado. <\/p>\n\n\n\n<p>O epis\u00f3dio tamb\u00e9m chamou a aten\u00e7\u00e3o de operadores da Torre de Controle de Londrina, que relataram ter observado as mesmas luzes no horizonte. Como n\u00e3o houve identifica\u00e7\u00e3o imediata do tr\u00e1fego ou do fen\u00f4meno, o caso foi comunicado \u00e0s autoridades aeron\u00e1uticas. <\/p>\n\n\n\n<p>Moradores da regi\u00e3o Norte de Londrina tamb\u00e9m registraram imagens das luzes no c\u00e9u e compartilharam os v\u00eddeos nas redes sociais. At\u00e9 o momento, n\u00e3o h\u00e1 confirma\u00e7\u00e3o oficial sobre a origem dos pontos luminosos observados, que foram classificados como objetos voadores n\u00e3o identificados (OVNIs) enquanto permanecem sem explica\u00e7\u00e3o. <\/p>\n","protected":false},"excerpt":{"rendered":"<p>Um piloto de uma aeronave comercial relatou ter visto luzes n\u00e3o identificadas no c\u00e9u do Norte do Paran\u00e1 durante um voo entre S\u00e3o Paulo e Maring\u00e1 na noite de segunda-feira (13). O caso ocorreu por volta das 21h e chamou a aten\u00e7\u00e3o de profissionais da avia\u00e7\u00e3o ap\u00f3s a tripula\u00e7\u00e3o comunicar a ocorr\u00eancia \u00e0 torre de [&hellip;]<\/p>\n","protected":false},"author":3,"featured_media":11961,"comment_status":"open","ping_status":"open","sticky":false,"template":"","format":"standard","meta":{"footnotes":""},"categories":[11,1],"tags":[],"class_list":["post-11960","post","type-post","status-publish","format-standard","has-post-thumbnail","hentry","category-mundo","category-tiro-e-queda"],"_links":{"self":[{"href":"https:\/\/diarionews.com.br\/index.php?rest_route=\/wp\/v2\/posts\/11960","targetHints":{"allow":["GET"]}}],"collection":[{"href":"https:\/\/diarionews.com.br\/index.php?rest_route=\/wp\/v2\/posts"}],"about":[{"href":"https:\/\/diarionews.com.br\/index.php?rest_route=\/wp\/v2\/types\/post"}],"author":[{"embeddable":true,"href":"https:\/\/diarionews.com.br\/index.php?rest_route=\/wp\/v2\/users\/3"}],"replies":[{"embeddable":true,"href":"https:\/\/diarionews.com.br\/index.php?rest_route=%2Fwp%2Fv2%2Fcomments&post=11960"}],"version-history":[{"count":1,"href":"https:\/\/diarionews.com.br\/index.php?rest_route=\/wp\/v2\/posts\/11960\/revisions"}],"predecessor-version":[{"id":11962,"href":"https:\/\/diarionews.com.br\/index.php?rest_route=\/wp\/v2\/posts\/11960\/revisions\/11962"}],"wp:featuredmedia":[{"embeddable":true,"href":"https:\/\/diarionews.com.br\/index.php?rest_route=\/wp\/v2\/media\/11961"}],"wp:attachment":[{"href":"https:\/\/diarionews.com.br\/index.php?rest_route=%2Fwp%2Fv2%2Fmedia&parent=11960"}],"wp:term":[{"taxonomy":"category","embeddable":true,"href":"https:\/\/diarionews.com.br\/index.php?rest_route=%2Fwp%2Fv2%2Fcategories&post=11960"},{"taxonomy":"post_tag","embeddable":true,"href":"https:\/\/diarionews.com.br\/index.php?rest_route=%2Fwp%2Fv2%2Ftags&post=11960"}],"curies":[{"name":"wp","href":"https:\/\/api.w.org\/{rel}","templated":true}]}}