{"id":11947,"date":"2026-07-16T05:58:07","date_gmt":"2026-07-16T09:58:07","guid":{"rendered":"https:\/\/diarionews.com.br\/?p=11947"},"modified":"2026-07-16T05:58:08","modified_gmt":"2026-07-16T09:58:08","slug":"inadimplencia-no-agro-atinge-88-e-bate-novo-recorde-no-brasil","status":"publish","type":"post","link":"https:\/\/diarionews.com.br\/?p=11947","title":{"rendered":"Inadimpl\u00eancia no agro atinge 8,8% e bate novo recorde no Brasil"},"content":{"rendered":"\n<p>A inadimpl\u00eancia entre os produtores rurais brasileiros alcan\u00e7ou 8,8% no primeiro trimestre de 2026, o maior \u00edndice da s\u00e9rie hist\u00f3rica da Serasa Experian. O percentual representa um aumento de 0,6 ponto percentual em rela\u00e7\u00e3o ao fim de 2025, quando a taxa era de 8,2%, e de 1,2 ponto percentual na compara\u00e7\u00e3o com o mesmo per\u00edodo do ano passado, quando o indicador estava em 7,6%. <\/p>\n\n\n\n<p>Segundo o levantamento, os produtores sem registro rural apresentam o maior n\u00edvel de inadimpl\u00eancia, com \u00edndice de 11%. Entre os estados, o Amap\u00e1 lidera o ranking, registrando taxa de 21,2%. Os dados tamb\u00e9m mostram deteriora\u00e7\u00e3o na qualidade do cr\u00e9dito no campo, com o Agro Score m\u00e9dio recuando de 606 para 591 pontos em um ano, indicando maior risco para concess\u00e3o de financiamentos. <\/p>\n\n\n\n<p>De acordo com Marcelo Pimenta, head de agroneg\u00f3cio da Serasa Experian, a eleva\u00e7\u00e3o gradual da inadimpl\u00eancia demonstra que muitos produtores ainda enfrentam dificuldades para recuperar a capacidade financeira. O cen\u00e1rio \u00e9 resultado da combina\u00e7\u00e3o de custos elevados de produ\u00e7\u00e3o, juros altos, menor disponibilidade de cr\u00e9dito e impactos clim\u00e1ticos que afetaram a rentabilidade da atividade agr\u00edcola. <\/p>\n\n\n\n<p>O avan\u00e7o da inadimpl\u00eancia ocorre em um momento de maior cautela no mercado de cr\u00e9dito rural. Especialistas alertam que a piora dos indicadores pode dificultar ainda mais o acesso dos produtores a novos financiamentos e impulsionar pedidos de renegocia\u00e7\u00e3o de d\u00edvidas e recupera\u00e7\u00f5es judiciais, aumentando a press\u00e3o sobre toda a cadeia do agroneg\u00f3cio brasileiro. <\/p>\n","protected":false},"excerpt":{"rendered":"<p>A inadimpl\u00eancia entre os produtores rurais brasileiros alcan\u00e7ou 8,8% no primeiro trimestre de 2026, o maior \u00edndice da s\u00e9rie hist\u00f3rica da Serasa Experian. O percentual representa um aumento de 0,6 ponto percentual em rela\u00e7\u00e3o ao fim de 2025, quando a taxa era de 8,2%, e de 1,2 ponto percentual na compara\u00e7\u00e3o com o mesmo per\u00edodo [&hellip;]<\/p>\n","protected":false},"author":3,"featured_media":11948,"comment_status":"open","ping_status":"open","sticky":false,"template":"","format":"standard","meta":{"footnotes":""},"categories":[20,15],"tags":[956],"class_list":["post-11947","post","type-post","status-publish","format-standard","has-post-thumbnail","hentry","category-economia","category-agropecuaria","tag-importante"],"_links":{"self":[{"href":"https:\/\/diarionews.com.br\/index.php?rest_route=\/wp\/v2\/posts\/11947","targetHints":{"allow":["GET"]}}],"collection":[{"href":"https:\/\/diarionews.com.br\/index.php?rest_route=\/wp\/v2\/posts"}],"about":[{"href":"https:\/\/diarionews.com.br\/index.php?rest_route=\/wp\/v2\/types\/post"}],"author":[{"embeddable":true,"href":"https:\/\/diarionews.com.br\/index.php?rest_route=\/wp\/v2\/users\/3"}],"replies":[{"embeddable":true,"href":"https:\/\/diarionews.com.br\/index.php?rest_route=%2Fwp%2Fv2%2Fcomments&post=11947"}],"version-history":[{"count":1,"href":"https:\/\/diarionews.com.br\/index.php?rest_route=\/wp\/v2\/posts\/11947\/revisions"}],"predecessor-version":[{"id":11949,"href":"https:\/\/diarionews.com.br\/index.php?rest_route=\/wp\/v2\/posts\/11947\/revisions\/11949"}],"wp:featuredmedia":[{"embeddable":true,"href":"https:\/\/diarionews.com.br\/index.php?rest_route=\/wp\/v2\/media\/11948"}],"wp:attachment":[{"href":"https:\/\/diarionews.com.br\/index.php?rest_route=%2Fwp%2Fv2%2Fmedia&parent=11947"}],"wp:term":[{"taxonomy":"category","embeddable":true,"href":"https:\/\/diarionews.com.br\/index.php?rest_route=%2Fwp%2Fv2%2Fcategories&post=11947"},{"taxonomy":"post_tag","embeddable":true,"href":"https:\/\/diarionews.com.br\/index.php?rest_route=%2Fwp%2Fv2%2Ftags&post=11947"}],"curies":[{"name":"wp","href":"https:\/\/api.w.org\/{rel}","templated":true}]}}