{"id":11550,"date":"2026-07-16T05:34:00","date_gmt":"2026-07-16T09:34:00","guid":{"rendered":"https:\/\/diarionews.com.br\/?p=11550"},"modified":"2026-07-10T05:36:11","modified_gmt":"2026-07-10T09:36:11","slug":"estudo-aponta-44-mi-de-brasileiros-sem-banheiro-em-casa","status":"publish","type":"post","link":"https:\/\/diarionews.com.br\/?p=11550","title":{"rendered":"Estudo aponta 4,4 mi de brasileiros sem banheiro em casa"},"content":{"rendered":"\n<p>Mais de 4,4 milh\u00f5es de brasileiros vivem em moradias sem banheiro de uso exclusivo, segundo estudo do Instituto Trata Brasil baseado em dados da PNADCA (Pesquisa Nacional por Amostra de Domic\u00edlios Cont\u00ednua Anual). O levantamento aponta que cerca de 1,3 milh\u00e3o de domic\u00edlios estavam nessa condi\u00e7\u00e3o, evidenciando a precariedade do acesso ao saneamento b\u00e1sico no pa\u00eds.<\/p>\n\n\n\n<p>De acordo com o estudo, em 2022, 63,1% dessas moradias estavam concentradas na regi\u00e3o Nordeste, com destaque para Maranh\u00e3o, Bahia e Piau\u00ed. O levantamento tamb\u00e9m mostra que quase 40% das pessoas que viviam em resid\u00eancias sem banheiro tinham menos de 20 anos. As pessoas autodeclaradas pardas responderam por 73,7% do total em priva\u00e7\u00e3o de banheiro, seguidas pelas autodeclaradas brancas, com 13,8%, e pelas autodeclaradas negras, com 10,6%. Em termos relativos, contudo, a maior frequ\u00eancia ocorreu na popula\u00e7\u00e3o ind\u00edgena, onde 5 a cada 100 pessoas estavam nessa condi\u00e7\u00e3o.<\/p>\n\n\n\n<p><strong>da Ag\u00eancia iNFRA<\/strong><\/p>\n\n\n\n<p><\/p>\n","protected":false},"excerpt":{"rendered":"<p>Mais de 4,4 milh\u00f5es de brasileiros vivem em moradias sem banheiro de uso exclusivo, segundo estudo do Instituto Trata Brasil baseado em dados da PNADCA (Pesquisa Nacional por Amostra de Domic\u00edlios Cont\u00ednua Anual). O levantamento aponta que cerca de 1,3 milh\u00e3o de domic\u00edlios estavam nessa condi\u00e7\u00e3o, evidenciando a precariedade do acesso ao saneamento b\u00e1sico no [&hellip;]<\/p>\n","protected":false},"author":3,"featured_media":11551,"comment_status":"open","ping_status":"open","sticky":false,"template":"","format":"standard","meta":{"footnotes":""},"categories":[12,19],"tags":[],"class_list":["post-11550","post","type-post","status-publish","format-standard","has-post-thumbnail","hentry","category-nacionais","category-politica"],"_links":{"self":[{"href":"https:\/\/diarionews.com.br\/index.php?rest_route=\/wp\/v2\/posts\/11550","targetHints":{"allow":["GET"]}}],"collection":[{"href":"https:\/\/diarionews.com.br\/index.php?rest_route=\/wp\/v2\/posts"}],"about":[{"href":"https:\/\/diarionews.com.br\/index.php?rest_route=\/wp\/v2\/types\/post"}],"author":[{"embeddable":true,"href":"https:\/\/diarionews.com.br\/index.php?rest_route=\/wp\/v2\/users\/3"}],"replies":[{"embeddable":true,"href":"https:\/\/diarionews.com.br\/index.php?rest_route=%2Fwp%2Fv2%2Fcomments&post=11550"}],"version-history":[{"count":1,"href":"https:\/\/diarionews.com.br\/index.php?rest_route=\/wp\/v2\/posts\/11550\/revisions"}],"predecessor-version":[{"id":11552,"href":"https:\/\/diarionews.com.br\/index.php?rest_route=\/wp\/v2\/posts\/11550\/revisions\/11552"}],"wp:featuredmedia":[{"embeddable":true,"href":"https:\/\/diarionews.com.br\/index.php?rest_route=\/wp\/v2\/media\/11551"}],"wp:attachment":[{"href":"https:\/\/diarionews.com.br\/index.php?rest_route=%2Fwp%2Fv2%2Fmedia&parent=11550"}],"wp:term":[{"taxonomy":"category","embeddable":true,"href":"https:\/\/diarionews.com.br\/index.php?rest_route=%2Fwp%2Fv2%2Fcategories&post=11550"},{"taxonomy":"post_tag","embeddable":true,"href":"https:\/\/diarionews.com.br\/index.php?rest_route=%2Fwp%2Fv2%2Ftags&post=11550"}],"curies":[{"name":"wp","href":"https:\/\/api.w.org\/{rel}","templated":true}]}}